{"id":5276,"date":"2026-08-31T08:56:57","date_gmt":"2026-08-31T13:56:57","guid":{"rendered":"https:\/\/grupoamen.org\/?p=5276"},"modified":"2026-08-31T09:37:59","modified_gmt":"2026-08-31T14:37:59","slug":"tejiendo-territorio-y-vida-la-articulacion-de-la-tierra-la-salud-y-el-desarrollo-rural-2","status":"publish","type":"post","link":"https:\/\/grupoamen.org\/?p=5276","title":{"rendered":"Construyendo pa\u00eds con un enfoque sostenible, cultural y econ\u00f3mico"},"content":{"rendered":"<figure class=\"wp-block-post-featured-image\"><img fetchpriority=\"high\" decoding=\"async\" width=\"2560\" height=\"1439\" src=\"https:\/\/grupoamen.org\/wp-content\/uploads\/2026\/08\/1-convert.io_-scaled.webp\" class=\"attachment-post-thumbnail size-post-thumbnail wp-post-image\" alt=\"\" style=\"object-fit:cover;\" srcset=\"https:\/\/grupoamen.org\/wp-content\/uploads\/2026\/08\/1-convert.io_-scaled.webp 2560w, https:\/\/grupoamen.org\/wp-content\/uploads\/2026\/08\/1-convert.io_-300x169.webp 300w, https:\/\/grupoamen.org\/wp-content\/uploads\/2026\/08\/1-convert.io_-1024x576.webp 1024w, https:\/\/grupoamen.org\/wp-content\/uploads\/2026\/08\/1-convert.io_-768x432.webp 768w, https:\/\/grupoamen.org\/wp-content\/uploads\/2026\/08\/1-convert.io_-1536x864.webp 1536w, https:\/\/grupoamen.org\/wp-content\/uploads\/2026\/08\/1-convert.io_-2048x1151.webp 2048w\" sizes=\"(max-width: 2560px) 100vw, 2560px\" \/><\/figure>\n\n\n<p class=\"wp-block-paragraph\"><\/p>\n\n\n\n<p class=\"wp-block-paragraph\"><\/p>\n\n\n\n<p class=\"wp-block-paragraph\">En el marco de nuestro encuentro mensual de agosto, desde el Grupo AMEN continuamos consolidando espacios de di\u00e1logo y acci\u00f3n orientados a la transformaci\u00f3n integral de Colombia. En esta ocasi\u00f3n, tuvimos el privilegio de conocer tres iniciativas de gran impacto social, econ\u00f3mico y ambiental, lideradas por aliados estrat\u00e9gicos que comparten nuestra visi\u00f3n de construir un pa\u00eds m\u00e1s equitativo y sostenible desde las diferentes regiones.<\/p>\n\n\n\n<p class=\"wp-block-paragraph\">La jornada inici\u00f3 con la participaci\u00f3n del doctor Aldemar Morales Hern\u00e1ndez, dinamizador nacional del proceso de Evaluaci\u00f3n y Certificaci\u00f3n de Competencias Laborales del SENA. Esta iniciativa institucional representa una herramienta fundamental para la dignificaci\u00f3n del talento humano en nuestros territorios, permitiendo el reconocimiento oficial de las habilidades y aprendizajes emp\u00edricos que los trabajadores han adquirido a lo largo de su vida laboral. Mediante un proceso de diagn\u00f3stico y evaluaci\u00f3n de conocimientos, desempe\u00f1o y producto, el cual no tiene ning\u00fan costo, este programa busca cerrar las brechas de desigualdad, incrementando significativamente la empleabilidad y la inclusi\u00f3n social y econ\u00f3mica en el pa\u00eds.<\/p>\n\n\n\n<figure class=\"wp-block-image size-large\"><img decoding=\"async\" width=\"1024\" height=\"576\" src=\"https:\/\/grupoamen.org\/wp-content\/uploads\/2026\/08\/2-convert.io_-1-1024x576.webp\" alt=\"\" class=\"wp-image-5282\" srcset=\"https:\/\/grupoamen.org\/wp-content\/uploads\/2026\/08\/2-convert.io_-1-1024x576.webp 1024w, https:\/\/grupoamen.org\/wp-content\/uploads\/2026\/08\/2-convert.io_-1-300x169.webp 300w, https:\/\/grupoamen.org\/wp-content\/uploads\/2026\/08\/2-convert.io_-1-768x432.webp 768w, https:\/\/grupoamen.org\/wp-content\/uploads\/2026\/08\/2-convert.io_-1-1536x864.webp 1536w, https:\/\/grupoamen.org\/wp-content\/uploads\/2026\/08\/2-convert.io_-1-2048x1151.webp 2048w\" sizes=\"(max-width: 1024px) 100vw, 1024px\" \/><\/figure>\n\n\n\n<p class=\"wp-block-paragraph\">Posteriormente, el encuentro dio paso a la voz de nuestros territorios con la intervenci\u00f3n de Orlando Cardoso, representante de la Asociaci\u00f3n Campesina Agroecol\u00f3gica del Oriente del Tolima, quien expuso la iniciativa &#8220;Madre de Agua&#8221;. Este proyecto es un testimonio vivo del fortalecimiento de la producci\u00f3n agroecol\u00f3gica y la defensa de la autonom\u00eda del territorio campesino, fundamentado en la valoraci\u00f3n de la ayuda mutua, las tradicionales mingas y la indispensable recuperaci\u00f3n de saberes ancestrales. A trav\u00e9s de este esfuerzo comunitario, se est\u00e1n impulsando iniciativas productivas colectivas de gran valor para la regi\u00f3n, destacando la producci\u00f3n y transformaci\u00f3n de cacao en chocolate, el cultivo de caf\u00e9 y aj\u00ed, as\u00ed como el desarrollo sostenible de la avicultura campesina..<\/p>\n\n\n\n<figure class=\"wp-block-image size-large\"><img decoding=\"async\" width=\"1024\" height=\"576\" src=\"https:\/\/grupoamen.org\/wp-content\/uploads\/2026\/08\/333-convert.io_-1024x576.webp\" alt=\"\" class=\"wp-image-5285\" srcset=\"https:\/\/grupoamen.org\/wp-content\/uploads\/2026\/08\/333-convert.io_-1024x576.webp 1024w, https:\/\/grupoamen.org\/wp-content\/uploads\/2026\/08\/333-convert.io_-300x169.webp 300w, https:\/\/grupoamen.org\/wp-content\/uploads\/2026\/08\/333-convert.io_-768x432.webp 768w, https:\/\/grupoamen.org\/wp-content\/uploads\/2026\/08\/333-convert.io_-1536x864.webp 1536w, https:\/\/grupoamen.org\/wp-content\/uploads\/2026\/08\/333-convert.io_-2048x1151.webp 2048w\" sizes=\"(max-width: 1024px) 100vw, 1024px\" \/><\/figure>\n\n\n\n<p class=\"wp-block-paragraph\"><\/p>\n\n\n\n<p class=\"wp-block-paragraph\">Para cerrar se present\u00f3 una ambiciosa propuesta de hidrov\u00eda y desarrollo para comunidades marginadas, liderada por el Coronel I.M. Alberto De Vivero, el ingeniero Jorge Ardila y el qu\u00edmico Carlos Ni\u00f1o. Este modelo integral de movilidad y desarrollo sostenible est\u00e1 dise\u00f1ado para beneficiar a poblaciones fluviales y costeras, como los pueblos palafitos de Buenavista y Nueva Venecia. Su enfoque se centra en la implementaci\u00f3n de tecnolog\u00eda ecoeficiente, abarcando desde la electro movilidad n\u00e1utica con motores el\u00e9ctricos fuera de borda y energ\u00eda solar, hasta soluciones vitales de saneamiento b\u00e1sico, plantas de potabilizaci\u00f3n de agua y el establecimiento de una red de fr\u00edo indispensable para fortalecer la econom\u00eda de la pesca artesanal local.<\/p>\n\n\n\n<p class=\"wp-block-paragraph\">Cada una de estas valiosas intervenciones reafirma el prop\u00f3sito central del Grupo AMEN de visibilizar y respaldar proyectos que, desde la sostenibilidad t\u00e9cnica, el respeto por los saberes tradicionales y la validaci\u00f3n de la experiencia, generan un impacto real en las comunidades m\u00e1s vulnerables. Seguimos trabajando de la mano con nuestros aliados estrat\u00e9gicos, convencidos de que la articulaci\u00f3n de esfuerzos y la comunicaci\u00f3n de estas iniciativas son el camino m\u00e1s seguro para continuar transformando vidas y construyendo pa\u00eds.<\/p>\n\n\n\n<figure class=\"wp-block-image size-large\"><img loading=\"lazy\" decoding=\"async\" width=\"1024\" height=\"576\" src=\"https:\/\/grupoamen.org\/wp-content\/uploads\/2026\/08\/4-convert.io_-1024x576.webp\" alt=\"\" class=\"wp-image-5286\" srcset=\"https:\/\/grupoamen.org\/wp-content\/uploads\/2026\/08\/4-convert.io_-1024x576.webp 1024w, https:\/\/grupoamen.org\/wp-content\/uploads\/2026\/08\/4-convert.io_-300x169.webp 300w, https:\/\/grupoamen.org\/wp-content\/uploads\/2026\/08\/4-convert.io_-768x432.webp 768w, https:\/\/grupoamen.org\/wp-content\/uploads\/2026\/08\/4-convert.io_-1536x864.webp 1536w, https:\/\/grupoamen.org\/wp-content\/uploads\/2026\/08\/4-convert.io_-2048x1151.webp 2048w\" sizes=\"(max-width: 1024px) 100vw, 1024px\" \/><\/figure>\n\n\n\n<p class=\"wp-block-paragraph\"><\/p>\n\n\n\n<p class=\"wp-block-paragraph\"><\/p>\n","protected":false},"excerpt":{"rendered":"<p>En el marco de nuestro encuentro mensual de agosto, desde el Grupo AMEN continuamos consolidando espacios de di\u00e1logo y acci\u00f3n orientados a la transformaci\u00f3n integral de Colombia. En esta ocasi\u00f3n, tuvimos el privilegio de conocer tres iniciativas de gran impacto social, econ\u00f3mico y ambiental, lideradas por aliados estrat\u00e9gicos que comparten nuestra visi\u00f3n de construir un&hellip;&nbsp;<a href=\"https:\/\/grupoamen.org\/?p=5276\" rel=\"bookmark\">Leer m\u00e1s &raquo;<span class=\"screen-reader-text\">Construyendo pa\u00eds con un enfoque sostenible, cultural y econ\u00f3mico<\/span><\/a><\/p>\n","protected":false},"author":1,"featured_media":5279,"comment_status":"open","ping_status":"open","sticky":false,"template":"","format":"standard","meta":{"neve_meta_sidebar":"","neve_meta_container":"","neve_meta_enable_content_width":"","neve_meta_content_width":0,"neve_meta_title_alignment":"","neve_meta_author_avatar":"","neve_post_elements_order":"[\"title\",\"meta\",\"content\",\"tags\",\"comments\"]","neve_meta_disable_header":"","neve_meta_disable_footer":"","neve_meta_disable_title":"","footnotes":""},"categories":[14,5,7,8,10],"tags":[],"class_list":["post-5276","post","type-post","status-publish","format-standard","has-post-thumbnail","hentry","category-actualidad","category-agroindustria","category-desarrollo-comunitario","category-desarrollo-tecnologico","category-empleo-y-emprendimiento"],"_links":{"self":[{"href":"https:\/\/grupoamen.org\/index.php?rest_route=\/wp\/v2\/posts\/5276","targetHints":{"allow":["GET"]}}],"collection":[{"href":"https:\/\/grupoamen.org\/index.php?rest_route=\/wp\/v2\/posts"}],"about":[{"href":"https:\/\/grupoamen.org\/index.php?rest_route=\/wp\/v2\/types\/post"}],"author":[{"embeddable":true,"href":"https:\/\/grupoamen.org\/index.php?rest_route=\/wp\/v2\/users\/1"}],"replies":[{"embeddable":true,"href":"https:\/\/grupoamen.org\/index.php?rest_route=%2Fwp%2Fv2%2Fcomments&post=5276"}],"version-history":[{"count":3,"href":"https:\/\/grupoamen.org\/index.php?rest_route=\/wp\/v2\/posts\/5276\/revisions"}],"predecessor-version":[{"id":5287,"href":"https:\/\/grupoamen.org\/index.php?rest_route=\/wp\/v2\/posts\/5276\/revisions\/5287"}],"wp:featuredmedia":[{"embeddable":true,"href":"https:\/\/grupoamen.org\/index.php?rest_route=\/wp\/v2\/media\/5279"}],"wp:attachment":[{"href":"https:\/\/grupoamen.org\/index.php?rest_route=%2Fwp%2Fv2%2Fmedia&parent=5276"}],"wp:term":[{"taxonomy":"category","embeddable":true,"href":"https:\/\/grupoamen.org\/index.php?rest_route=%2Fwp%2Fv2%2Fcategories&post=5276"},{"taxonomy":"post_tag","embeddable":true,"href":"https:\/\/grupoamen.org\/index.php?rest_route=%2Fwp%2Fv2%2Ftags&post=5276"}],"curies":[{"name":"wp","href":"https:\/\/api.w.org\/{rel}","templated":true}]}}